[{"id":"1","map_id":"0","order":"0","latitude":"48.8515442","longitude":"2.3472256","description":"Dne 17. listopadu 1939 uznala francouzsk\u00e1 vl\u00e1da \u010ceskoslovensk\u00fd n\u00e1rodn\u00ed v\u00fdbor a k t\u00e9mu\u017e dni vznikla \u010ds. zahrani\u010dn\u00ed arm\u00e1da. \u010cesk\u00e1 katolick\u00e1 kolonie v Pa\u0159\u00ed\u017ei konala pravideln\u00e9 bohoslu\u017eby pro krajany. P\u0159i v\u00fdznamn\u011bj\u0161\u00edch p\u0159\u00edle\u017eitostech na n\u011b v\u017edy zvala d\u016fle\u017eit\u00e9 francouzsk\u00e9 ve\u0159ejn\u00e9 p\u0159edstavitele i c\u00edrkevn\u00ed hodnost\u00e1\u0159e v snaze zajistit podporu zahrani\u010dn\u00edmu odboji v nej\u0161ir\u0161\u00edch kruz\u00edch.\r\nPa\u0159\u00ed\u017esk\u00fd arcibiskup kardin\u00e1l Jean Verdier p\u0159edsed\u00e1 2. prosince 1939 smute\u010dn\u00ed bohoslu\u017eb\u011b slou\u017een\u00e9 v Pa\u0159\u00ed\u017ei za studenty popraven\u00e9 17. listopadu 1939 v Praze.","filepath":"data","filename":"01_w.jpg","hidden":"0"},{"id":"2","map_id":"0","order":"1","latitude":"43.3388375","longitude":"3.2146978","description":"Zahrani\u010dn\u00ed arm\u00e1da budovan\u00e1 od podzimu 1939 ve Francii byla vedouc\u00edmi p\u0159edstaviteli odboje prezentov\u00e1na jako pokra\u010dovatelka arm\u00e1dy prvorepublikov\u00e9, \u0159\u00eddila se stejn\u00fdmi p\u0159edpisy a p\u0159i mobilizaci v listopadu 1939 se N\u00e1rodn\u00ed v\u00fdbor odvol\u00e1val na \u010ds. brann\u00fd z\u00e1kon. Proto\u017ee duchovn\u00ed slu\u017eba byla v meziv\u00e1le\u010dn\u00fdch letech sou\u010d\u00e1st\u00ed \u010ds. arm\u00e1dy, zd\u00e1lo se logick\u00e9, \u017ee bude existovat i v arm\u00e1d\u011b zahrani\u010dn\u00ed.\r\nPlk. duch. Mons. ThDr. Rudolf Zh\u00e1n\u011bl od roku 1927 vedl \u010ds. katolickou vojenskou misi ve Francii. Bezprost\u0159edn\u011b po vypuknut\u00ed 2. sv\u011btov\u00e9 v\u00e1lky se dal zcela k dispozici \u010deskoslovensk\u00e9mu zahrani\u010dn\u00edmu odboji, ve v\u011bku 73 let se nechal aktivovat, a stal se tak v\u016fbec nejstar\u0161\u00edm p\u0159\u00edslu\u0161n\u00edkem \u010ds. zahrani\u010dn\u00ed arm\u00e1dy. Pracoval u Vojensk\u00e9 spr\u00e1vy \u010ceskoslovensk\u00e9ho n\u00e1rodn\u00edho v\u00fdboru, kde na\u010drtl jednac\u00ed \u0159\u00e1d pro vojenskou duchovn\u00ed slu\u017ebu a vojensk\u00e9 matriky a ujal se organizov\u00e1n\u00ed duchovn\u00ed slu\u017eby v tvo\u0159\u00edc\u00edch se jednotk\u00e1ch zahrani\u010dn\u00ed arm\u00e1dy.","filepath":"data","filename":"02_w.jpg","hidden":"0"},{"id":"3","map_id":"0","order":"2","latitude":"44.8222656","longitude":"20.4557122","description":"Za\u010d\u00e1tek v\u00e1lky zastihl v cizin\u011b duchovn\u00ed, kte\u0159\u00ed pracovali nebo studovali v zahrani\u010d\u00ed. \u0158ada z nich se dala k dispozici \u010deskoslovensk\u00e9mu zahrani\u010dn\u00edmu odboji. Jin\u00ed ileg\u00e1ln\u011b opustili protektor\u00e1t, aby mohli vstoupit do zahrani\u010dn\u00ed arm\u00e1dy. Na ja\u0159e 1940 ukr\u00fdval Bohumil Bo\u010dek v jezuitsk\u00e9m kl\u00e1\u0161te\u0159e v Praze pozd\u011bj\u0161\u00edho velitele 2. \u010deskoslovensk\u00e9 paradesantn\u00ed brig\u00e1dy v SSSR pplk. Vladim\u00edra P\u0159ikryla (vlevo), se kter\u00fdm spole\u010dn\u011b p\u0159e\u0161el hranice.","filepath":"data","filename":"03_w.jpg","hidden":"0"},{"id":"4","map_id":"0","order":"3","latitude":"43.3232917","longitude":"3.5155914","description":"Duchovn\u00ed zaji\u0161\u0165ovali pastoraci a sv\u00e1tostn\u00fd \u017eivot katol\u00edk\u016f z \u0159ad mu\u017estva. Pravideln\u011b slou\u017eili m\u0161e u pos\u00e1dek rozstrou\u0161en\u00fdch p\u0159i pob\u0159e\u017e\u00ed St\u0159edozemn\u00edho mo\u0159e. Denn\u011b nav\u0161t\u011bvovali o\u0161et\u0159ovnu, dvakr\u00e1t t\u00fddn\u011b v\u011bzen\u00ed, dvakr\u00e1t t\u00fddn\u011b doj\u00ed\u017ed\u011bli do vojensk\u00fdch nemocnic a ka\u017ed\u00fd ve\u010der nav\u0161t\u011bvovali ubikace mu\u017estva. Od vzniku \u010deskoslovensk\u00e9 arm\u00e1dy ve Franci v z\u00e1\u0159\u00ed 1939 do jej\u00edho kr\u00e1tk\u00e9ho frontov\u00e9ho nasazen\u00ed v \u010dervnu 1940 zem\u0159elo 21 voj\u00e1k\u016f. V\u011bt\u0161inou se jednalo o n\u00e1sledky nemoc\u00ed, nehod souvisej\u00edc\u00edch s v\u00fdcvikem nebo sebevra\u017edy.\r\nPohreb \u010ds. voj\u00e1ka ve Francii.","filepath":"data","filename":"04_w.jpg","hidden":"0"},{"id":"5","map_id":"0","order":"4","latitude":"43.3032447","longitude":"3.4500169","description":"V\u00fdjime\u010dnou osobnost mezi vojensk\u00fdmi duchovn\u00edmi p\u0159edstavoval jezuita Hugo Van\u00ed\u010dek. Iniciativn\u011b se zapojil do osv\u011btov\u00e9 \u010dinnosti. Nejv\u011bt\u0161\u00edm po\u010dinem bylo z\u0159\u00edzen\u00ed Domova \u010ds. voj\u00e1ka ve m\u011bst\u011b se s\u00e1lem, ateli\u00e9rem, \u010d\u00edt\u00e1rnou a hudebn\u00ed zku\u0161ebnou, kde organizoval divadeln\u00ed, estr\u00e1dn\u00ed a filmov\u00e1 p\u0159edstaven\u00ed a p\u0159edn\u00e1\u0161ky. Pro nedostatek jin\u00fdch vyhovuj\u00edc\u00edch prostor v nevl\u00eddn\u00e9m prost\u0159ed\u00ed t\u00e1bora byl tento Domov mezi voj\u00e1ky velmi obl\u00edben a \u010dinil jejich pobyt snesiteln\u011bj\u0161\u00edm.","filepath":"data","filename":"05_w.jpg","hidden":"0"},{"id":"6","map_id":"0","order":"5","latitude":"43.2741931","longitude":"3.5054633","description":"Krom\u011b kn\u011b\u017e\u00ed ustanoven\u00fdch k v\u00fdkonu vojensk\u00e9 duchovn\u00ed slu\u017eby nalezneme v zahrani\u010dn\u00ed arm\u00e1d\u011b n\u011bkolik des\u00edtek \u0159eholn\u00edch brat\u0159\u00ed a student\u016f teologie, kte\u0159\u00ed slou\u017eili jako \u0159adov\u00ed voj\u00e1ci. B\u00fdval\u00fd p\u0159\u00edslu\u0161n\u00edk \u010deskoslovensk\u00e9 zahrani\u010dn\u00ed arm\u00e1dy na Z\u00e1pad\u011b Eduard Urb\u00e1nek vzpom\u00edn\u00e1: \"Velk\u00fd po\u010det na\u0161ich bohoslovc\u016f a \u0159eholn\u00edk\u016f v zahrani\u010dn\u00ed arm\u00e1d\u011b byl d\u016fkazem, \u017ee tito byli v\u011brn\u00fdmi syny sv\u00e9 vlasti a v jej\u00ed t\u011b\u017ek\u00e9 chv\u00edli se dobrovoln\u011b p\u0159ihl\u00e1sili k boji za jej\u00ed osvobozen\u00ed. Byli velmi platn\u00fdmi v\u0161ude, kam byli posl\u00e1ni. Byli nejen dobr\u00fdmi o\u0161et\u0159ovateli ran\u011bn\u00fdch, ale i dobr\u00fdmi \u0159idi\u010di, telegrafisty, kulomet\u010d\u00edky a minomet\u010d\u00edky. Na ja\u0159e v roce 1940 jich bylo ve Francii 28, v\u011bt\u0161inu z nich jsem znal. Kdy\u017e jsme odch\u00e1zeli na frontu, tak jich s dv\u011bma p\u011b\u0161\u00edmi pluky \u0161lo s n\u00e1mi 10-12.\" \u0158eholn\u00edci Jaroslav Jel\u00ednek a Eduard Krej\u010d\u00ed jako voj\u00edni zdravotn\u00ed slu\u017eby.","filepath":"data","filename":"20_w.jpg","hidden":"0"},{"id":"7","map_id":"0","order":"6","latitude":"47.6974956","longitude":"2.6245978","description":"V \u010dervnu 1940 se nedostate\u010dn\u011b vyzbrojen\u00e1 \u010ds. divize \u00fa\u010dastnila boj\u016f p\u0159i \u0159ek\u00e1ch Marn\u011b, Sien\u011b a Loi\u0159e. Ve zmatku ustupuj\u00edc\u00ed a demoralizovan\u00e9 francouzsk\u00e9 arm\u00e1dy v\u0161ak nem\u011bla v\u011bt\u0161\u00ed p\u0159\u00edle\u017eitost zas\u00e1hnout do boj\u016f. Van\u00ed\u010dek p\u0159i \u00fastupov\u00fdch boj\u00edch vypom\u00e1hal jako spojka nebo vedouc\u00ed autokolony. Po \u00fat\u011bku plukovn\u00edho l\u00e9ka\u0159e p\u0159evzal veden\u00ed o\u0161et\u0159ovny a zajistil okra\u010dov\u00e1n\u00ed jej\u00ed p\u00e9\u010de. Po celou dobu francouzsk\u00e9ho ta\u017een\u00ed povzbuzoval mu\u017estvo v bojov\u00fdch sledech rot, o\u0161et\u0159oval ran\u011bn\u00e9, choval se neboj\u00e1cn\u011b a neohro\u017een\u011b. V\u00ed se v\u0161ak zejm\u00e9na o jeho duchap\u0159\u00edtomn\u00e9m a state\u010dn\u00e9m chov\u00e1n\u00ed p\u0159i dopravn\u00ed z\u00e1cp\u011b na most\u011b p\u0159es \u0159eku Loiru u m\u011bsta Gien, kde p\u0159i bombardov\u00e1n\u00ed propukla v davov\u00e9 psych\u00f3ze civiln\u00edch uprchl\u00edk\u016f a ustupuj\u00edc\u00edch voj\u00e1k\u016f panika a chaos. Van\u00ed\u010dek se iniciativn\u011b chopil \u0159\u00edzen\u00ed p\u0159epravy p\u0159es most a sv\u00fdm klidem, rozvahou, znalost\u00ed jazyka a autoritou zajistil plynul\u00fd p\u0159echod st\u0159\u00eddav\u011b vojska i civiln\u00edho obyvatelstva. Za sv\u00e9 state\u010dn\u00e9 chov\u00e1n\u00ed byl vyznamen\u00e1n \u010cs. v\u00e1le\u010dn\u00fdm k\u0159\u00ed\u017eem 1939.","filepath":"data","filename":"6a_w.jpg","hidden":"0"},{"id":"8","map_id":"0","order":"7","latitude":"43.4005067","longitude":"3.6731411","description":"Po kapitulaci Francie se stalo z\u0159ejm\u00fdm, \u017ee \u010deskoslovensk\u00e9 jednotky mus\u00ed pry\u010d, aby nepadly do rukou N\u011bmc\u016fm. S britsk\u00fdmi \u00fa\u0159ady se poda\u0159ilo vyjednat p\u0159evoz z Francie do Velk\u00e9 Brit\u00e1nie. V\u011bt\u0161ina voj\u00e1k\u016f se evakuovala na n\u00e1kladn\u00edch lod\u00edch egyptsk\u00fdch uheln\u00fdch spole\u010dnost\u00ed. To pro n\u011b znamenalo p\u0159edev\u0161\u00edm katastrof\u00e1ln\u00ed soci\u00e1ln\u00ed z\u00e1zem\u00ed a nedostatek pitn\u00e9 vody. Odsun na Britsk\u00e9 ostrovy je nutn\u00e9 ch\u00e1pat jako projev velk\u00e9 osobn\u00ed state\u010dnosti t\u011bch, kte\u0159\u00ed se o n\u011bj zaslou\u017eili. Jen d\u00edky neutuchaj\u00edc\u00edmu \u00fasil\u00ed \u010deskoslovensk\u00fdch vojensk\u00fdch i politick\u00fdch p\u0159edstavitel\u016f ve Francii i Velk\u00e9 Brit\u00e1nii a odvaze kapit\u00e1n\u016f britsk\u00fdch a egyptsk\u00fdch lod\u00ed se poda\u0159ilo v\u00edce ne\u017e 4300 voj\u00e1k\u016fm pozemn\u00edch jednotek a necel\u00e9 tis\u00edcovce letc\u016f ve dnech 20.\u201327. \u010dervna odplout na t\u0159in\u00e1cti evakua\u010dn\u00edch plavidlech do Brit\u00e1nie. B\u011bhem \u010dervnov\u00e9ho bojov\u00e9ho nasazen\u00ed divizn\u00ed p\u011bchoty padlo asi 100 p\u0159\u00edslu\u0161n\u00edk\u016f \u010deskoslovensk\u00fdch pozemn\u00edch jednotek, zhruba 400 jich bylo ran\u011bno a asi 1200 zajato nebo z\u016fstalo nezv\u011bstn\u00fdch. Asi 6000 voj\u00e1k\u016f se z r\u016fzn\u00fdch d\u016fvod\u016f z\u016fstalo z\u016fstat ve Francii, nebo se b\u011bhem \u00fastupu nestihli v\u010das dostat do p\u0159\u00edstav\u016f. Lodn\u00edk upev\u0148uje korky P. Franti\u0161ku Pouchl\u00e9mu OFMCap.","filepath":"data","filename":"07_w.jpg","hidden":"0"},{"id":"9","map_id":"0","order":"8","latitude":"46.5040156","longitude":"-4.9961017","description":"V pr\u016fb\u011bhu evakuace z Francie do Brit\u00e1nie na lodi Mohamed Ali El-Kebir se Bo\u010dek sna\u017eil udr\u017eet mor\u00e1lku voj\u00e1k\u016f a jejich v\u00edru ve v\u00edt\u011bzstv\u00ed pomoc\u00ed p\u0159edn\u00e1\u0161ek.","filepath":"data","filename":"8a_w.jpg","hidden":"0"},{"id":"10","map_id":"0","order":"9","latitude":"53.0602894","longitude":"-2.6746633","description":"Zbytky \u010deskoslovensk\u00fdch jednotek evakuovan\u00fdch do Brit\u00e1nie se od po\u010d\u00e1tku \u010dervence za\u010daly shroma\u017e\u010fovat v prozat\u00edmn\u00edm stanov\u00e9m t\u00e1bo\u0159e um\u00edst\u011bn\u00e9m v z\u00e1meck\u00e9m parku v Cholmondeley. Zde byl voj\u00e1k\u016fm dop\u0159\u00e1n n\u011bkolikam\u011bs\u00ed\u010dn\u00ed oddych nutn\u00fd k op\u011btovn\u00e9mu na\u010derp\u00e1n\u00ed sil a reorganizaci. Soub\u011b\u017en\u011b s p\u0159\u00edchodem voj\u00e1k\u016f do\u0161lo k mezin\u00e1rodn\u011bpr\u00e1vn\u00edmu zakotven\u00ed \u010deskoslovensk\u00e9 zahrani\u010dn\u00ed akce. Dne 21. \u010dervence 1940 britsk\u00e1 Churchillova vl\u00e1da uznala prozat\u00edmn\u00ed \u010deskoslovenskou vl\u00e1du v zahrani\u010d\u00ed. Edvard Bene\u0161 se stal exilov\u00fdm prezidentem a jako pomocn\u00fd parlamentn\u00ed org\u00e1n z\u0159\u00eddil St\u00e1tn\u00ed radu. Pro\u0159\u00eddl\u00e1 divize byla reorganizov\u00e1na na 1. \u010deskoslovenskou sm\u00ed\u0161enou brig\u00e1du. Obdob\u00ed nucen\u00e9 ne\u010dinnosti v letech 1940\u20131944 vypl\u0148oval n\u00e1ro\u010dn\u00fd v\u00fdcvik a propracovan\u00fd syst\u00e9m kurz\u016f a \u0161kolen\u00ed. Brig\u00e1da se tak\u00e9 pom\u011brn\u011b \u010dasto st\u011bhovala. Mimo v\u00fdcviku voj\u00e1ci str\u00e1\u017eili anglick\u00e9 pob\u0159e\u017e\u00ed a rovn\u011b\u017e se pod\u00edleli na odkl\u00edzen\u00ed trosek po n\u011bmeck\u00fdch leteck\u00fdch \u00fatoc\u00edch. Hugo Van\u00ed\u010dek slou\u017e\u00ed prvn\u00ed msi sv. po p\u0159\u00edjezdu \u010ds. arm\u00e1dy do Velk\u00e9 Brit\u00e1nie.","filepath":"data","filename":"9a_w.jpg","hidden":"0"},{"id":"11","map_id":"0","order":"10","latitude":"50.4961433","longitude":"-4.0942003","description":"Narozd\u00edl od pozemn\u00edch jednotek se \u010deskosloven\u0161t\u00ed letci ihned po p\u0159\u00edjezdu zapojili do boj\u016f o Brit\u00e1nii v r\u00e1mci RAF. \u010ceskoslovensk\u00e9 letectvo ve Velk\u00e9 Brit\u00e1nii tvo\u0159ily t\u0159i st\u00edhac\u00ed a jedna bobardovac\u00ed peru\u0165, dal\u0161\u00ed \u010dechoslov\u00e1ci slou\u017eili u perut\u00ed britsk\u00fdch nebo polsk\u00fdch. Jezuita Anton\u00edn Vesel\u00fd slou\u017e\u00ed m\u0161i sv. pro \u010ds. p\u0159\u00edslu\u0161n\u00edky RAF.","filepath":"data","filename":"10a_w.jpg;10b_w.jpg","hidden":"0"},{"id":"12","map_id":"0","order":"11","latitude":"52.4780597","longitude":"-0.8199494","description":"B\u011bhem v\u00e1lky p\u0159i\u0161lo o \u017eivot 531 p\u0159\u00edslu\u0161n\u00edk\u016f \u010ds. letectva. Duchovn\u00ed 311. bombardovac\u00ed perut\u011b Franti\u0161ek Pouchl\u00fd poh\u0159b\u00edv\u00e1 velitele perut\u011b \u0161t. kpt. let. Josefa Ocelku.","filepath":"data","filename":"11_w.jpg","hidden":"0"},{"id":"13","map_id":"0","order":"12","latitude":"52.1688814","longitude":"-1.5848186","description":"V letech 1940-1944 vykon\u00e1vali vojen\u0161t\u00ed duchovn\u00ed pastora\u010dn\u00ed slu\u017ebu mezi \u010ds. voj\u00e1ky ve Velk\u00e9 Brit\u00e1nii v b\u011b\u017en\u00e9m rozsahu. O ned\u011bl\u00edch a sv\u00e1tc\u00edch pravideln\u011b slou\u017eili m\u0161e sv. s promluvou, ud\u011blovali k\u0159ty, vykon\u00e1vali s\u0148atky a poh\u0159by. Nav\u0161t\u011bvovali nemocn\u00e9 a v\u011bzn\u011b, kter\u00fdm rozd\u00e1vali drobn\u00e9 d\u00e1rky nebo vhodnou \u010detbu. Franti\u0161ek Pouchl\u00fd celebruje m\u0161i sv. ve vojensk\u00e9 kapli u 2. p\u011b\u0161\u00edho praporu na z\u00e1mku Walton Hall.","filepath":"data","filename":"12b_w.jpg;12a_w.jpg;12c_w.jpg","hidden":"0"},{"id":"14","map_id":"0","order":"13","latitude":"52.1902794","longitude":"-1.7098686","description":"Z celkov\u00e9ho po\u010dtu p\u0159\u00edslu\u0161n\u00edk\u016f brig\u00e1dy se ke katolick\u00e9mu vyzn\u00e1n\u00ed hl\u00e1silo 29%. Hugo Van\u00ed\u010dek poh\u0159b\u00edv\u00e1 18. listopadu 1941 ve Stratford on Avon voj. Novosada z 2. p\u011b\u0161\u00edho praporu.","filepath":"data","filename":"13_w.jpg","hidden":"0"},{"id":"15","map_id":"0","order":"14","latitude":"52.2855328","longitude":"-1.5358944","description":"B\u011bhem \u010dty\u0159let\u00e9ho pobytu na r\u016fzn\u00fdch m\u00edstech Velk\u00e9 Brit\u00e1nie Hugo Van\u00ed\u010dek iniciativn\u011b rozvinul svoji pr\u00e1ci. Jeho \u010dinnost n\u00e1bo\u017eensk\u00e1, osv\u011btov\u00e1, kulturn\u00ed a propaga\u010dn\u00ed mezi \u010ds. voj\u00e1ky a britsk\u00fdm obyvatelstvem nem\u011bla obdoby. Zahrnovala v \u0161irok\u00e9 \u0161k\u00e1le v\u0161echny dostupn\u00e9 prost\u0159edky. Zaji\u0161\u0165oval projekci film\u016f. Pravideln\u011b vyd\u00e1val n\u00e1bo\u017eensk\u00e9 a propaga\u010dn\u00ed tiskoviny, informa\u010dn\u00ed let\u00e1ky a bro\u017eury se z\u00e1bavnou t\u00e9matikou, slu\u017eebn\u00ed vojensk\u00e9 tisky a p\u0159\u00edru\u010dky. Rozes\u00edlal je do v\u0161ech \u010ds. pos\u00e1dek ve Velk\u00e9 Brit\u00e1nii. Z\u00e1silky sm\u011b\u0159ovaly rovn\u011b\u017e k \u010ds. jednotk\u00e1m na Bl\u00edzk\u00e9m v\u00fdchod\u011b a v SSSR. Znali je krajan\u00e9 na obou b\u0159ez\u00edch Atlantiku. Zahrani\u010dn\u00ed odboj propagoval na mnoha p\u0159edn\u00e1\u0161kov\u00fdch akc\u00edch po\u0159\u00e1dan\u00fdch pro britsk\u00e9 civiln\u00ed obyvatelstvo, zejm\u00e9na \u0161koln\u00ed ml\u00e1de\u017e. Sna\u017eil se prosadit pravideln\u00e9 duchovn\u00ed promluvy do programu \u010ds. rozhlasov\u00e9ho vys\u00edl\u00e1n\u00ed BBC.\r\nIndividu\u00e1ln\u011b se v\u011bnoval nemocn\u00fdm, ran\u011bn\u00fdm a v\u011bz\u0148\u016fm. Van\u00ed\u010dkovo sna\u017een\u00ed bylo zam\u011b\u0159eno na\r\npovznesen\u00ed mor\u00e1lky mezi voj\u00e1ky v duchu osv\u011bd\u010den\u00fdch k\u0159es\u0165ansk\u00fdch z\u00e1sad a na upevn\u011bn\u00ed\r\nvlastenectv\u00ed, p\u0159i\u010dem\u017e jeho heslo zn\u011blo \u201eDuch a s\u00edla\u201c.","filepath":"data","filename":"14a_w.jpg;14b_w.jpg","hidden":"0"},{"id":"16","map_id":"0","order":"15","latitude":"31.8091647","longitude":"34.7770542","description":"Jedna z cest do emigrace sm\u011b\u0159ovala na St\u0159edn\u00ed v\u00fdchod a do Egypta. Od z\u00e1\u0159\u00ed 1940 do kv\u011btna 1943 i zde prob\u00edhaly v\u00e1le\u010dn\u00e9 akce, ve kter\u00fdch se \u010ds. voj\u00e1ci aktivn\u011b pod\u00edleli v boji proti sil\u00e1m Osy (kon\u00e1n\u00ed str\u00e1\u017en\u00ed slu\u017eby, ochrana leti\u0161\u0165, okupace S\u00fdrie, protiletadlov\u00e1 obrana p\u0159\u00edstavu Tobruk). \u010ceskoslovensk\u00fdmi vojensk\u00fdmi jednotkami na St\u0159edn\u00edm v\u00fdchod\u011b pro\u0161lo p\u0159ibli\u017en\u011b dva a p\u016fl tis\u00edce voj\u00e1k\u016f, z nich padlo nebo zem\u0159elo celkem 41 mu\u017e\u016f. Katol\u00edk\u016f bylo 29%.","filepath":"data","filename":"15_w.jpg","hidden":"0"},{"id":"17","map_id":"0","order":"16","latitude":"32.0841967","longitude":"23.9563917","description":"Duchovn\u00ed slu\u017ebu u \u010ds. vojensk\u00fdch jednotek na St\u0159edn\u00edm v\u00fdchod\u011b zaji\u0161\u0165oval kapuc\u00edn Franti\u0161ek Petru\u017eela. Pravideln\u011b konal bohoslu\u017eby, nav\u0161t\u011bvoval voj\u00e1ky na stanovi\u0161t\u00edch, doj\u00ed\u017ed\u011bl do vojensk\u00fdch nemocnic. Po dobu sv\u00e9ho bojov\u00e9ho nasazen\u00ed si vedl pravideln\u011b den\u00edk. Podm\u00ednky byly t\u011b\u017ek\u00e9 a v\u011bt\u0161ina voj\u00e1k\u016f na tom byla psychicky \u0161patn\u011b. M\u016f\u017eeme \u010d\u00edst z\u00e1znamy o sebevra\u017ed\u00e1ch, autonehod\u00e1ch, ne\u0161t\u011bst\u00edch zp\u016fsoben\u00fdch neopatrnou manipulac\u00ed s munic\u00ed a dal\u0161\u00edch nehod\u00e1ch spojen\u00fdch se zran\u011bn\u00edmi nebo \u00famrt\u00edmi. Franti\u0161ek Petru\u017eela celebruje m\u0161i sv. v s\u00eddle velitelstv\u00ed 200. lehk\u00e9ho protiletadlov\u00e9ho pluku v Az Zib u Nahariye severn\u011b od Haify, slavnost sv. V\u00e1clava 28. z\u00e1\u0159\u00ed 1942.","filepath":"data","filename":"16_w.jpg","hidden":"0"},{"id":"18","map_id":"0","order":"17","latitude":"52.3633631","longitude":"-0.8861597","description":"V srpnu 1943 byla \u010deskoslovensk\u00e1 vojensk\u00e1 jednotka ze severn\u00ed Arfiky p\u0159epravena do Velk\u00e9 Brit\u00e1nie, aby po\u010detn\u011b pos\u00edlila \u010deskoslovenskou samostatnou brig\u00e1du. V jej\u00edch \u0159ad\u00e1ch se nach\u00e1zelo n\u011bkolik \u0159eholn\u00edch brat\u0159\u00ed, kte\u0159\u00ed ve t\u0159ic\u00e1t\u00fdch letech vyu\u010dovali v Egypt\u011b a v Palestin\u011b na c\u00edrkevn\u00edch \u0161kol\u00e1ch a po vypuknut\u00ed v\u00e1lky se p\u0159ihl\u00e1sili do \u010deskoslovensk\u00e9 arm\u00e1dy. B\u00fdval\u00fd p\u0159\u00edslu\u0161n\u00edk \u010deskoslovensk\u00e9 zahrani\u010dn\u00ed arm\u00e1dy na Z\u00e1pad\u011b Eduard Urb\u00e1nek vzpom\u00edn\u00e1: \"Ze St\u0159edn\u00edho v\u00fdchodu jich p\u0159i\u0161lo 14, v\u0161ichni slou\u017eili u bojov\u00fdch slo\u017eek. Gener\u00e1l Klap\u00e1lek napsal ve sv\u00fdch pam\u011btech: \u00bbPoslali mn\u011b 14 mnich\u016f, rad\u011bji bych vid\u011bl 14 voj\u00e1k\u016f.\u00ab M\u011bl asi obavy, \u017ee tito nebudou dost platn\u00fdmi voj\u00e1ky. Oni v\u0161ak u Dunkerque dok\u00e1zali, \u017ee se m\u00fdlil. Vid\u011bl jsem je p\u0159i \u00fatoc\u00edch jako p\u011b\u0161\u00e1ky s kulometem, zanechali tam sv\u00e9 mlad\u00e9 \u017eivoty a le\u017e\u00ed tam mezi dal\u0161\u00edmi dv\u011bma stovkami na\u0161ich chlapc\u016f na vojensk\u00fdch h\u0159bitovech. \u0158eholn\u00edci a bohoslovci se vyzna\u010dovali p\u0159i v\u00fdkonu vojensk\u00e9 slu\u017eby sv\u011bdomitost\u00ed, klidem a rozvahou a v\u0161echny \u00fasp\u011bchy a ne\u00fasp\u011bchy p\u0159ij\u00edmali v\u017edy s \u00fasm\u011bvem. T\u00edm ovliv\u0148ovali \u010dasto sv\u00e9 okol\u00ed a tak se hluboko zapsali do pov\u011bdom\u00ed sv\u00fdch spolubojovn\u00edk\u016f.\" Skupina \u0159eholn\u00edk\u016f (t\u011b\u0161itel\u00e9, \u0161kol\u0161t\u00ed brat\u0159i) ze St\u0159edn\u00edho v\u00fdchodu po p\u0159\u00edjezdu do Brit\u00e1nie.","filepath":"data","filename":"21_w.jpg","hidden":"0"},{"id":"19","map_id":"0","order":"18","latitude":"51.0295642","longitude":"2.3472192","description":"Od \u0159\u00edjna 1944 do kv\u011btna 1945 se brig\u00e1da pod\u00edlela na obl\u00e9h\u00e1n\u00ed n\u011bmeck\u00e9 pos\u00e1dky v severofrancouzsk\u00e9m p\u0159\u00edstavu Dunkerque, kde se nach\u00e1zelo zhruba 12 000 n\u011bmeck\u00fdch voj\u00e1k\u016f. Bojov\u00e1 \u010dinnost sest\u00e1vala p\u0159ev\u00e1\u017en\u011b z drobn\u00fdch pozi\u010dn\u00edch boj\u016f: st\u0159et\u016f mal\u00fdch hl\u00eddek, n\u00e1siln\u00fdch pr\u016fzkum\u016f a palebn\u00fdch p\u0159epad\u016f nep\u0159\u00e1telsk\u00fdch postaven\u00ed. Brig\u00e1da m\u011bla n\u011bmeckou pos\u00e1dku dr\u017eet v obkl\u00ed\u010den\u00ed, nedovolit j\u00ed ohro\u017eovat t\u00fdl spojeneck\u00fdch vojsk a p\u0159inutit ji silnou pr\u016fzkumnou \u010dinnost\u00ed a d\u011blost\u0159eleckou palbou ke kapitulaci. Duchovn\u00ed druh\u00e9ho tankov\u00e9ho praporu Hugo Van\u00ed\u010dek slou\u017e\u00ed m\u0161i sv. v rozst\u0159\u00edlen\u00e9m kostele v Mardyck.","filepath":"data","filename":"17b_w.jpg;17a_w.jpg","hidden":"0"},{"id":"20","map_id":"0","order":"19","latitude":"51.0752692","longitude":"2.6010078","description":"Celkem b\u011bhem opera\u010dn\u00edho nasazen\u00ed od podzimu 1944 do kv\u011btna 1945 zahynulo 190 p\u0159\u00edslu\u0161n\u00edku brig\u00e1dy. Franti\u0161ek Petru\u017eela jako duchovn\u00ed brig\u00e1dn\u00ed ambulance poh\u0159b\u00edv\u00e1 28. \u0159\u00edjna 1944 padl\u00e9ho p\u0159\u00edslu\u0161n\u00edka brig\u00e1dy.","filepath":"data","filename":"18_w.jpg","hidden":"0"},{"id":"21","map_id":"0","order":"20","latitude":"49.5291067","longitude":"15.2214303","description":"Z celkov\u00e9ho po\u010dtu 14 vojensk\u00fdch duchovn\u00edch, kte\u0159\u00ed v letech 1939\u20131945 slou\u017eili v z\u00e1padn\u00ed zahrani\u010dn\u00ed arm\u00e1d\u011b, bylo sedm katol\u00edk\u016f, \u010dty\u0159i evangel\u00edci, dva \u017did\u00e9 a jeden duchovn\u00ed C\u00edrkve \u010deskoslovensk\u00e9. P\u0159itom \u0161est katolick\u00fdch kn\u011b\u017e\u00ed bylo \u010dleny r\u016fzn\u00fdch \u0159eholn\u00edch spole\u010dnost\u00ed a v\u011bt\u0161inou z \u0159\u00e1d\u016f ode\u0161li. \u00da\u010dast ve v\u00e1lce pro n\u011b znamenala traumatizuj\u00edc\u00ed zku\u0161enost a obna\u017eila skute\u010dnosti, na kter\u00e9 p\u0159es sebelep\u0161\u00ed \u0159\u00e1dovou formaci ani studium na zahrani\u010dn\u00edch univerzit\u00e1ch nebyli p\u0159ipraveni. Kdy\u017e se po dlouh\u00fdch \u0161esti letech vr\u00e1tili zp\u011bt do vlasti, c\u00edtili se ve sv\u00fdch \u0159eholn\u00edch komunit\u00e1ch nep\u0159ijati. T\u0159i byli po roce 1949 v\u011bzn\u011bni. K trval\u00e9mu \u017eivotu za hranicemi se rozhodlo sedm z nich. T\u011bm, kte\u0159\u00ed z\u016fstali v \u010ceskoslovensku (na katolick\u00e9 i nekatolick\u00e9 stran\u011b), byly po roce 1948 od\u0148aty d\u016fstojnick\u00e9 hodnosti, byli nuceni pracovat v d\u011blnick\u00fdch profes\u00edch, rodiny protestantsk\u00fdch duchovn\u00edch byly perzekuov\u00e1ny.","filepath":"data","filename":"19_w.jpg","hidden":"0"}]